



{"id":5480,"date":"2023-09-04T14:10:23","date_gmt":"2023-09-04T14:10:23","guid":{"rendered":"http:\/\/www.croosp.org.br\/?p=5480"},"modified":"2023-09-12T15:40:30","modified_gmt":"2023-09-12T15:40:30","slug":"edital-de-convocacao-eleicoes-no-croosp-gestao-2024-2026","status":"publish","type":"post","link":"https:\/\/www.croosp.org.br\/index.php\/edital-de-convocacao-eleicoes-no-croosp-gestao-2024-2026\/","title":{"rendered":"EDITAL DE CONVOCA\u00c7\u00c3O &#8211; Elei\u00e7\u00f5es no CROOSP &#8211; Gest\u00e3o 2024-2027"},"content":{"rendered":"<p>&nbsp;<\/p>\n<p><a href=\"http:\/\/www.croosp.org.br\/wp-content\/uploads\/2023\/09\/edital-post-2023.jpeg\"><img fetchpriority=\"high\" decoding=\"async\" class=\"size-full wp-image-5486 aligncenter\" src=\"http:\/\/www.croosp.org.br\/wp-content\/uploads\/2023\/09\/edital-post-2023.jpeg\" alt=\"\" width=\"810\" height=\"810\" srcset=\"https:\/\/www.croosp.org.br\/wp-content\/uploads\/2023\/09\/edital-post-2023.jpeg 810w, https:\/\/www.croosp.org.br\/wp-content\/uploads\/2023\/09\/edital-post-2023-150x150.jpeg 150w, https:\/\/www.croosp.org.br\/wp-content\/uploads\/2023\/09\/edital-post-2023-300x300.jpeg 300w, https:\/\/www.croosp.org.br\/wp-content\/uploads\/2023\/09\/edital-post-2023-768x768.jpeg 768w, https:\/\/www.croosp.org.br\/wp-content\/uploads\/2023\/09\/edital-post-2023-96x96.jpeg 96w\" sizes=\"(max-width: 810px) 100vw, 810px\" \/><\/a><\/p>\n<p style=\"text-align: center;\"><strong><u>EDITAL DE CONVOCA\u00c7\u00c3O PARA ELEI\u00c7\u00d5ES DO CONSELHO REGIONAL DE \u00d3PTICA E OPTOMETRIA DO ESTADO DE S\u00c3O PAULO<\/u><\/strong><\/p>\n<p>&nbsp;<\/p>\n<p>A Sra. Presidente do CROOSP, Daniela de S\u00e1 Iamamoto<strong>, <\/strong>de acordo com suas prerrogativas estatut\u00e1rias, convoca a Diretoria Executiva, Conselho Fiscal e todos os associados regulares para elei\u00e7\u00e3o da nova composi\u00e7\u00e3o da Diretoria do CROOSP, a ser realizada na Avenida Paulista, n\u00ba 2.518 \u2013 8 \u00ba andar, Conjunto 82, S\u00e3o Paulo, SP.<\/p>\n<p>A elei\u00e7\u00e3o, agendada para o dia 05 de novembro de 2023, ocorrer\u00e1 do per\u00edodo das 9:00 da manh\u00e3 \u00e0s17:00.<\/p>\n<p><strong>\u00a0<\/strong><strong>\u00a0<\/strong><\/p>\n<p>S\u00e3o Paulo, \u00a004 de setembro de 2023.<\/p>\n<p><strong>Daniela de S\u00e1 Iamamoto<\/strong><\/p>\n<p>Presidente do CROOSP<\/p>\n<p style=\"text-align: center;\">CLIQUE ABAIXO PARA O EDITAL COMPLETO<\/p>\n<p><a href=\"http:\/\/www.croosp.org.br\/wp-content\/uploads\/2023\/09\/EDITAL-ELEICOES-2023.docx\" target=\"_blank\" rel=\"noopener noreferrer\"><img decoding=\"async\" class=\" wp-image-5482 aligncenter\" src=\"http:\/\/www.croosp.org.br\/wp-content\/uploads\/2023\/09\/Edital-Croosp-2023.jpeg\" alt=\"\" width=\"320\" height=\"99\" srcset=\"https:\/\/www.croosp.org.br\/wp-content\/uploads\/2023\/09\/Edital-Croosp-2023.jpeg 492w, https:\/\/www.croosp.org.br\/wp-content\/uploads\/2023\/09\/Edital-Croosp-2023-300x93.jpeg 300w\" sizes=\"(max-width: 320px) 100vw, 320px\" \/><\/a><\/p>\n","protected":false},"excerpt":{"rendered":"<p>&nbsp; EDITAL DE CONVOCA\u00c7\u00c3O PARA ELEI\u00c7\u00d5ES DO CONSELHO REGIONAL DE \u00d3PTICA E OPTOMETRIA DO ESTADO DE S\u00c3O PAULO &nbsp; A Sra. Presidente do CROOSP, Daniela de S\u00e1 Iamamoto, de acordo com suas prerrogativas estatut\u00e1rias, convoca a Diretoria Executiva, Conselho Fiscal e todos os associados regulares para elei\u00e7\u00e3o da nova composi\u00e7\u00e3o da Diretoria do CROOSP, a<\/p>\n","protected":false},"author":1,"featured_media":5486,"comment_status":"open","ping_status":"open","sticky":false,"template":"","format":"standard","meta":{"footnotes":""},"categories":[64,67],"tags":[76,152,111],"class_list":["post-5480","post","type-post","status-publish","format-standard","has-post-thumbnail","hentry","category-assembleia-geral","category-eleicoes","tag-daniela-iamamoto","tag-edital-de-convocacao","tag-eleicoes-croosp"],"_links":{"self":[{"href":"https:\/\/www.croosp.org.br\/index.php\/wp-json\/wp\/v2\/posts\/5480","targetHints":{"allow":["GET"]}}],"collection":[{"href":"https:\/\/www.croosp.org.br\/index.php\/wp-json\/wp\/v2\/posts"}],"about":[{"href":"https:\/\/www.croosp.org.br\/index.php\/wp-json\/wp\/v2\/types\/post"}],"author":[{"embeddable":true,"href":"https:\/\/www.croosp.org.br\/index.php\/wp-json\/wp\/v2\/users\/1"}],"replies":[{"embeddable":true,"href":"https:\/\/www.croosp.org.br\/index.php\/wp-json\/wp\/v2\/comments?post=5480"}],"version-history":[{"count":6,"href":"https:\/\/www.croosp.org.br\/index.php\/wp-json\/wp\/v2\/posts\/5480\/revisions"}],"predecessor-version":[{"id":5491,"href":"https:\/\/www.croosp.org.br\/index.php\/wp-json\/wp\/v2\/posts\/5480\/revisions\/5491"}],"wp:featuredmedia":[{"embeddable":true,"href":"https:\/\/www.croosp.org.br\/index.php\/wp-json\/wp\/v2\/media\/5486"}],"wp:attachment":[{"href":"https:\/\/www.croosp.org.br\/index.php\/wp-json\/wp\/v2\/media?parent=5480"}],"wp:term":[{"taxonomy":"category","embeddable":true,"href":"https:\/\/www.croosp.org.br\/index.php\/wp-json\/wp\/v2\/categories?post=5480"},{"taxonomy":"post_tag","embeddable":true,"href":"https:\/\/www.croosp.org.br\/index.php\/wp-json\/wp\/v2\/tags?post=5480"}],"curies":[{"name":"wp","href":"https:\/\/api.w.org\/{rel}","templated":true}]}}