



{"id":4959,"date":"2021-02-18T17:42:03","date_gmt":"2021-02-18T17:42:03","guid":{"rendered":"http:\/\/www.croosp.org.br\/?p=4959"},"modified":"2021-02-18T17:45:14","modified_gmt":"2021-02-18T17:45:14","slug":"croosp-realiza-nova-parceria-com-foco-em-capacitacao-profissional","status":"publish","type":"post","link":"https:\/\/www.croosp.org.br\/index.php\/croosp-realiza-nova-parceria-com-foco-em-capacitacao-profissional\/","title":{"rendered":"Croosp realiza nova parceria com foco em capacita\u00e7\u00e3o profissional"},"content":{"rendered":"<p>O Conselho Regional de \u00d3ptica e Optometria \u00a0(Croosp) traz uma novidade para seus associados a partir de hoje. A entidade acaba de firmar uma parceria com a escola Conhecimento Integrado, com o objetivo de, juntos, promoverem a melhor e maior capacita\u00e7\u00e3o profissional de \u00d3ptica e Optometria do Brasil.<\/p>\n<p>Nesta parceria, os profissionais do segmento ser\u00e3o beneficiados com as seguintes vantagens:<\/p>\n<p>Programa do M\u00eas da Optometria (Cursos online em mar\u00e7o): 20% de desconto<\/p>\n<p>Cursos avulsos: 10% de desconto<\/p>\n<p>P\u00f3s Gradua\u00e7\u00e3o: 5% de desconto<\/p>\n<p>Na compra de qualquer um de nossos cursos online ou presencial (Palestras\/Congressos\/Cursos\/Programas\/P\u00f3s Gradua\u00e7\u00e3o) de \u00d3ptica e Optometria, o profissional ser\u00e1 beneficiado com um cashback para pagamento da sua filia\u00e7\u00e3o no CROOSP.<\/p>\n<p>*Consulte o regulamento<\/p>\n<p>A Conhecimento Integrado tem uma gama de cursos nas \u00e1reas de \u00d3ptica e Optometria, a exemplo da Jornada do Conhecimento nas duas \u00e1reas, P\u00f3s Gradua\u00e7\u00e3o, Programas de Desenvolvimento Profissional, Gest\u00e3o empresarial, dentre outros.<\/p>\n<p>N\u00e3o perca essa oportunidade de se capacitar e ainda obter grandes vantagens. Para saber mais entre em contato com a secretaria do Croosp, tamb\u00e9m no WhatsApp (81) 99507-7879 \u00a0ou ligue\u00a0 (81) 3877-2992.<\/p>\n","protected":false},"excerpt":{"rendered":"<p>O Conselho Regional de \u00d3ptica e Optometria \u00a0(Croosp) traz uma novidade para seus associados a partir de hoje. A entidade acaba de firmar uma parceria com a escola Conhecimento Integrado, com o objetivo de, juntos, promoverem a melhor e maior capacita\u00e7\u00e3o profissional de \u00d3ptica e Optometria do Brasil. Nesta parceria, os profissionais do segmento ser\u00e3o<\/p>\n","protected":false},"author":132,"featured_media":4965,"comment_status":"open","ping_status":"open","sticky":false,"template":"","format":"standard","meta":{"footnotes":""},"categories":[8],"tags":[],"class_list":["post-4959","post","type-post","status-publish","format-standard","has-post-thumbnail","hentry","category-news"],"_links":{"self":[{"href":"https:\/\/www.croosp.org.br\/index.php\/wp-json\/wp\/v2\/posts\/4959","targetHints":{"allow":["GET"]}}],"collection":[{"href":"https:\/\/www.croosp.org.br\/index.php\/wp-json\/wp\/v2\/posts"}],"about":[{"href":"https:\/\/www.croosp.org.br\/index.php\/wp-json\/wp\/v2\/types\/post"}],"author":[{"embeddable":true,"href":"https:\/\/www.croosp.org.br\/index.php\/wp-json\/wp\/v2\/users\/132"}],"replies":[{"embeddable":true,"href":"https:\/\/www.croosp.org.br\/index.php\/wp-json\/wp\/v2\/comments?post=4959"}],"version-history":[{"count":5,"href":"https:\/\/www.croosp.org.br\/index.php\/wp-json\/wp\/v2\/posts\/4959\/revisions"}],"predecessor-version":[{"id":4968,"href":"https:\/\/www.croosp.org.br\/index.php\/wp-json\/wp\/v2\/posts\/4959\/revisions\/4968"}],"wp:featuredmedia":[{"embeddable":true,"href":"https:\/\/www.croosp.org.br\/index.php\/wp-json\/wp\/v2\/media\/4965"}],"wp:attachment":[{"href":"https:\/\/www.croosp.org.br\/index.php\/wp-json\/wp\/v2\/media?parent=4959"}],"wp:term":[{"taxonomy":"category","embeddable":true,"href":"https:\/\/www.croosp.org.br\/index.php\/wp-json\/wp\/v2\/categories?post=4959"},{"taxonomy":"post_tag","embeddable":true,"href":"https:\/\/www.croosp.org.br\/index.php\/wp-json\/wp\/v2\/tags?post=4959"}],"curies":[{"name":"wp","href":"https:\/\/api.w.org\/{rel}","templated":true}]}}