



{"id":3381,"date":"2017-05-17T18:20:38","date_gmt":"2017-05-17T18:20:38","guid":{"rendered":"http:\/\/www.croosp.org.br\/?p=3381"},"modified":"2017-05-22T12:21:01","modified_gmt":"2017-05-22T12:21:01","slug":"professor-garante-que-optometria-pode-ajudar-na-reducao-das-filas-do-sus-para-atendimento-oftalmologico","status":"publish","type":"post","link":"https:\/\/www.croosp.org.br\/index.php\/professor-garante-que-optometria-pode-ajudar-na-reducao-das-filas-do-sus-para-atendimento-oftalmologico\/","title":{"rendered":"Professor garante que optometria pode ajudar na redu\u00e7\u00e3o das filas do SUS para atendimento oftalmol\u00f3gico."},"content":{"rendered":"<h1 id=\"parent-fieldname-title\" class=\"documentFirstHeading\"><\/h1>\n<div id=\"parent-fieldname-text\" class=\"plain\">\n<div>\n<p><img fetchpriority=\"high\" decoding=\"async\" class=\"wp-image-3384 aligncenter\" src=\"http:\/\/www.croosp.org.br\/wp-content\/uploads\/2017\/05\/18489950_1419031344823960_459924830513211086_o-1024x768.jpg\" alt=\"\" width=\"707\" height=\"530\" srcset=\"https:\/\/www.croosp.org.br\/wp-content\/uploads\/2017\/05\/18489950_1419031344823960_459924830513211086_o-1024x768.jpg 1024w, https:\/\/www.croosp.org.br\/wp-content\/uploads\/2017\/05\/18489950_1419031344823960_459924830513211086_o-300x225.jpg 300w, https:\/\/www.croosp.org.br\/wp-content\/uploads\/2017\/05\/18489950_1419031344823960_459924830513211086_o-768x576.jpg 768w, https:\/\/www.croosp.org.br\/wp-content\/uploads\/2017\/05\/18489950_1419031344823960_459924830513211086_o.jpg 1280w\" sizes=\"(max-width: 707px) 100vw, 707px\" \/><\/p>\n<p>&nbsp;<\/p>\n<p>O professor da USP Eduardo Moura afirmou durante reuni\u00e3o da comiss\u00e3o de Economia e Defesa dos Direitos do Consumidor, presidida pelo vereador Fernando Mendes (PRB), que se a profiss\u00e3o de optometrista j\u00e1 estivesse regulamentada na cidade, muitas pessoas n\u00e3o estariam mais nas filas do SUS aguardando por atendimento oftalmol\u00f3gico. No encontro, Moura apresentou dados importantes que mostram as diferen\u00e7as entre a atua\u00e7\u00e3o do oftalmologista e do optometrista.\u00a0\u201cO m\u00e9dico com a especializa\u00e7\u00e3o em oftalmologia trata das patologias que s\u00e3o as doen\u00e7as como, por exemplo, como catarata, glaucoma; j\u00e1 o optometrista \u00e9 respons\u00e1vel por prescrever \u00f3culos, lentes de contato e terapias para melhorar a capacidade visual do paciente\u201d, explica o profissional.<\/p>\n<p>Segundo o Instituto Brasileiro de Geografia e Estat\u00edsticas (IBGE), 18,8% da popula\u00e7\u00e3o, cerca de 35 milh\u00f5es de pessoas, declaram <span id=\"OBJ_PREFIX_DWT219_com_zimbra_date\" class=\"Object\">ter<\/span> dificuldades para enxergar, sendo que 80% desta demanda \u00e9 para a medi\u00e7\u00e3o do grau dos \u00f3culos.<\/p>\n<p>Diante desses dados o vereador Fernando Mendes, vem discutindo o tema e inclusive protocolou um projeto de lei que garante a regulamenta\u00e7\u00e3o do servi\u00e7o em Campinas. \u201cFui procurado por muitos profissionais que est\u00e3o tendo dificuldades de exercer sua fun\u00e7\u00e3o, que alegam que est\u00e3o sendo vistos como clandestinos. Precisamos regulamentar isso, afinal, \u00e9 um absurdo e, inclusive, fere o direito do cidad\u00e3o em <span id=\"OBJ_PREFIX_DWT220_com_zimbra_date\" class=\"Object\">ter<\/span> acesso aos mais variados servi\u00e7os\u201d, defende o parlamentar.<\/p>\n<p>Segundo Mendes, \u201ccom os profissionais de optometria al\u00e9m de garantir a redu\u00e7\u00e3o das filas de atendimento, melhorar\u00edamos, inclusive, a qualidade de vida da popula\u00e7\u00e3o que vai passar a enxergar melhor\u201d, complementa.<\/p>\n<\/div>\n<div>Participaram tamb\u00e9m da reuni\u00e3o da comiss\u00e3o realizada na \u00faltima <span id=\"OBJ_PREFIX_DWT221_com_zimbra_date\" class=\"Object\">segunda<\/span>-feira (15), representantes do Conselho Regional de \u00d3ptica e Optometria do Estado de S\u00e3o Paulo (CROO- SP), o advogado do \u00f3rg\u00e3o Filipe Menino, o delegado Regional de Optometria de Guarulhos, Jo\u00e3o Paulo de Freitas, o ex-presidente do\u00a0CROO- SP, Vilm\u00e1rio Antonio Gutiel, profissionais e alunos do curso de optometria da Universidade Br\u00e1z Cubas de Mogi das Cruzes.<\/div>\n<div><\/div>\n<div><strong>Texto e Foto: Assessoria de imprensa da C\u00e2mara Municipal de Campinas com informa\u00e7\u00f5es do Gabinete do vereador Fernando Mendes<\/strong><\/div>\n<\/div>\n<p><span class=\"bodyDateInsert\">Publicada em 17\/05\/2017 18h05<\/span><\/p>\n","protected":false},"excerpt":{"rendered":"<p>&nbsp; O professor da USP Eduardo Moura afirmou durante reuni\u00e3o da comiss\u00e3o de Economia e Defesa dos Direitos do Consumidor, presidida pelo vereador Fernando Mendes (PRB), que se a profiss\u00e3o de optometrista j\u00e1 estivesse regulamentada na cidade, muitas pessoas n\u00e3o estariam mais nas filas do SUS aguardando por atendimento oftalmol\u00f3gico. No encontro, Moura apresentou dados<\/p>\n","protected":false},"author":132,"featured_media":3382,"comment_status":"open","ping_status":"open","sticky":false,"template":"","format":"standard","meta":{"footnotes":""},"categories":[54],"tags":[],"class_list":["post-3381","post","type-post","status-publish","format-standard","has-post-thumbnail","hentry","category-reuniao-politica"],"_links":{"self":[{"href":"https:\/\/www.croosp.org.br\/index.php\/wp-json\/wp\/v2\/posts\/3381","targetHints":{"allow":["GET"]}}],"collection":[{"href":"https:\/\/www.croosp.org.br\/index.php\/wp-json\/wp\/v2\/posts"}],"about":[{"href":"https:\/\/www.croosp.org.br\/index.php\/wp-json\/wp\/v2\/types\/post"}],"author":[{"embeddable":true,"href":"https:\/\/www.croosp.org.br\/index.php\/wp-json\/wp\/v2\/users\/132"}],"replies":[{"embeddable":true,"href":"https:\/\/www.croosp.org.br\/index.php\/wp-json\/wp\/v2\/comments?post=3381"}],"version-history":[{"count":2,"href":"https:\/\/www.croosp.org.br\/index.php\/wp-json\/wp\/v2\/posts\/3381\/revisions"}],"predecessor-version":[{"id":3387,"href":"https:\/\/www.croosp.org.br\/index.php\/wp-json\/wp\/v2\/posts\/3381\/revisions\/3387"}],"wp:featuredmedia":[{"embeddable":true,"href":"https:\/\/www.croosp.org.br\/index.php\/wp-json\/wp\/v2\/media\/3382"}],"wp:attachment":[{"href":"https:\/\/www.croosp.org.br\/index.php\/wp-json\/wp\/v2\/media?parent=3381"}],"wp:term":[{"taxonomy":"category","embeddable":true,"href":"https:\/\/www.croosp.org.br\/index.php\/wp-json\/wp\/v2\/categories?post=3381"},{"taxonomy":"post_tag","embeddable":true,"href":"https:\/\/www.croosp.org.br\/index.php\/wp-json\/wp\/v2\/tags?post=3381"}],"curies":[{"name":"wp","href":"https:\/\/api.w.org\/{rel}","templated":true}]}}